{"id":18353,"date":"2023-01-27T12:02:15","date_gmt":"2023-01-27T12:02:15","guid":{"rendered":"https:\/\/noiretblanctruffes.com\/un-ano-mas-estaremos-en-el-trufforumvic\/"},"modified":"2023-10-23T14:46:00","modified_gmt":"2023-10-23T14:46:00","slug":"un-ano-mas-estaremos-en-el-trufforumvic","status":"publish","type":"post","link":"https:\/\/noiretblanctruffes.com\/es\/un-ano-mas-estaremos-en-el-trufforumvic\/","title":{"rendered":"\u00a1Un a\u00f1o m\u00e1s estaremos en el TrufforumVic!"},"content":{"rendered":"\n<p class=\"wp-block-paragraph\">Del 3 al 6 de febrero, Vic se convertir\u00e1 en la capital internacional de la trufa negra con una nueva edici\u00f3n del Trufforum! Y como siempre, Noir et Blanc\u00ae no faltaremos!<br\/><br\/>Toma nota, que este a\u00f1o, se ampl\u00eda y cambia de lugar! El Trufforum estar\u00e1 en el Recinto Ferial El Sucre de Vic, como siempre, con entrada libre. Este cambio permitir\u00e1 disfrutar de un espacio abierto y di\u00e1fano, con el tradicional mercado de trufa fresca y productos trufados y tambi\u00e9n con numerosas actividades en torno a la trufa. \u00a1Hay actividades para todos los gustos y todas las edades!<br\/><br\/>Nos encontrar\u00e9is todo el fin de semana en el mercado de productos trufados. Iremos bien cargados de productos Noir et Blanc\u00ae ! \u00a1Y tambi\u00e9n participamos en diferentes actividades! \u00a1Os lo explicamos!<br\/><br\/>El s\u00e1bado 4, a las 17.30 h, en el Aula de la Trufa detallaremos c\u00f3mo trufar un queso. Lo haremos con los compa\u00f1eros de Lactium. \u00a1Y tambi\u00e9n cataremos queso trufado!<br\/><br\/>El domingo 5, a las 13 h, tambi\u00e9n en el Aula de la Trufa, haremos un Beermut trufado de El Llu\u00e7an\u00e8s. Presentaremos la nueva cerveza trufada que hemos elaborado con los amigos de Kibus y la maridaremos con otros productos del territorio.<br\/><br\/>Para participar en las actividades ser\u00e1 necesario que os inscrib\u00e1is en el punto de informaci\u00f3n del Trufforum.<br\/><br\/>Tambi\u00e9n estaremos con La Tofoneta! El s\u00e1bado y el domingo nos encontrar\u00e9is con nuestra Foodtuck gastron\u00f3mica que compartimos Caf\u00e9s Arabo, Noir et Blanc\u00ae y Kibus. \u00a1Podr\u00e9is catar la nueva cerveza trufada y tambi\u00e9n caf\u00e9s y chocolate con trufa!<br\/><br\/>\u00a1Y repas\u00e9 bien el programa de activados porque este a\u00f1o hay m\u00e1s actividades que nunca y unas cuantas nuevas muy interesantes! Por ejemplo, un desayuno popular con trufa, m\u00e1s actividades infantiles, cata en todas las actividades del Aula de la Trufa y La Cocina de la Trufa&#8230; \u00a1No faltar\u00e1 el tradicional y emocionante Campeonato de Perros Tofonaires!<br\/><br\/>As\u00ed que ya lo sab\u00e9is, del 3 al 6 de febrero, los amantes de la trufa, tenemos una cita en el Recinto Ferial El Sucre de Vic!<\/p>\n\n<p class=\"wp-block-paragraph\">M\u00e1s info aqu\u00ed <a href=\"https:\/\/trufforum.com\/activitats-2022\/vic\/?lang=ca\">https:\/\/trufforum.com\/activitats-2022\/vic\/?lang=ca<\/a><\/p>\n","protected":false},"excerpt":{"rendered":"<p>Del 3 al 6 de febrero, Vic se convertir\u00e1 en la capital internacional de la trufa negra con una nueva<\/p>\n","protected":false},"author":1,"featured_media":18098,"comment_status":"closed","ping_status":"open","sticky":false,"template":"","format":"standard","meta":{"footnotes":""},"categories":[112],"tags":[],"class_list":["post-18353","post","type-post","status-publish","format-standard","has-post-thumbnail","hentry","category-noir-et-blanc-es"],"_links":{"self":[{"href":"https:\/\/noiretblanctruffes.com\/es\/wp-json\/wp\/v2\/posts\/18353","targetHints":{"allow":["GET"]}}],"collection":[{"href":"https:\/\/noiretblanctruffes.com\/es\/wp-json\/wp\/v2\/posts"}],"about":[{"href":"https:\/\/noiretblanctruffes.com\/es\/wp-json\/wp\/v2\/types\/post"}],"author":[{"embeddable":true,"href":"https:\/\/noiretblanctruffes.com\/es\/wp-json\/wp\/v2\/users\/1"}],"replies":[{"embeddable":true,"href":"https:\/\/noiretblanctruffes.com\/es\/wp-json\/wp\/v2\/comments?post=18353"}],"version-history":[{"count":0,"href":"https:\/\/noiretblanctruffes.com\/es\/wp-json\/wp\/v2\/posts\/18353\/revisions"}],"wp:featuredmedia":[{"embeddable":true,"href":"https:\/\/noiretblanctruffes.com\/es\/wp-json\/wp\/v2\/media\/18098"}],"wp:attachment":[{"href":"https:\/\/noiretblanctruffes.com\/es\/wp-json\/wp\/v2\/media?parent=18353"}],"wp:term":[{"taxonomy":"category","embeddable":true,"href":"https:\/\/noiretblanctruffes.com\/es\/wp-json\/wp\/v2\/categories?post=18353"},{"taxonomy":"post_tag","embeddable":true,"href":"https:\/\/noiretblanctruffes.com\/es\/wp-json\/wp\/v2\/tags?post=18353"}],"curies":[{"name":"wp","href":"https:\/\/api.w.org\/{rel}","templated":true}]}}